{"id":1003,"date":"2018-11-16T12:04:52","date_gmt":"2018-11-16T12:04:52","guid":{"rendered":"http:\/\/urban-emotions.com\/?p=1003"},"modified":"2018-11-16T12:09:37","modified_gmt":"2018-11-16T12:09:37","slug":"der-fussgaenger-im-oeffentlichen-raum-der-benachteiligte-verkehrsteilnehmer-masterarbeit-philipp-siefert","status":"publish","type":"post","link":"http:\/\/urban-emotions.com\/?p=1003","title":{"rendered":"Der Fu\u00dfg\u00e4nger im \u00f6ffentlichen Raum &#8211; der benachteiligte Verkehrsteilnehmer | Masterarbeit Philipp Siefert"},"content":{"rendered":"\n<p style=\"background-color:#69b745;color:#ffffff\" class=\"has-text-color has-background\">Masterarbeit von Philipp Siefert am Institut Entwerfen von Stadt und Landschaft, Fachgebiet Stadtquartiersplanung, Prof. Markus Neppl und Dr. Peter Zeile und am <a href=\"https:\/\/www.ifv.kit.edu\/index.php\">Institut f\u00fcr Verkehrswesen IFV<\/a>, Prof. Peter Vortisch und Dr. Clotilde Minster.<\/p>\n\n\n\n<p><br><\/p>\n\n\n\n<p>Die    st\u00e4rkere F\u00f6rderung und Pr\u00e4senz in der Planung ist wichtig f\u00fcr die   Entwicklung des Fu\u00dfverkehrs in st\u00e4dtischen Gebieten.  Die    zu Fu\u00df-Gehenden werden besonders vom motorisierten Individualverkehr verdr\u00e4ngt. Dadurch nahm   die Anzahl der zu Fu\u00dfwege stetig ab. Vor allem der motorisierte Individualverkehr, aber auch Radfahrer und der \u00d6PNV, gef\u00e4hrden und beeintr\u00e4chtigen durch hohe Geschwin-digkeiten und gro\u00dfen Raumbedarf Fu\u00dfg\u00e4nger insbesondere beim \u00dcberqueren von Stra\u00dfen. In Zeiten einer verst\u00e4rkten F\u00f6rderung des Umweltverbunds wird    aufgezeigt, wie eine bessere Integration des Fu\u00dfverkehrs in den \u00f6ffentlichen Raum er m\u00f6glicht werden kann, und    welche Gefahren f\u00fcr Fu\u00dfg\u00e4nger durch Konflikte mit anderen Verkehrsteilnehmern bestehen. Besondere Beachtung sollen die Kon-flikte zwischen Radfahrern und Fu\u00dfg\u00e4ngern finden, da diese oft im Verkehr auf gemeinsamen Fl\u00e4chen gef\u00fchrt werden. Es  wurden die Unfalldaten von Unf\u00e4llen mit Fu\u00dfg\u00e4ngerbeteiligung der St\u00e4dte Karlsruhe und Freiburg analysiert. Mit Hilfe dieser Auswertungen konnten die Unfall-, Gefahren- und Konfliktschwerpunkte zwischen Fu\u00dfg\u00e4ngern und Kraftfahrzeugen, Fahrzeugen des \u00f6ffentlichen Perso-nen  nahverkehrs  und Fahrradfahrern  ermittelt werden.  Um die Anzahl der H\u00e4ufig-keiten von Konfliktsituationen, besonders zwischen Radfahrern und Fu\u00dfg\u00e4ngernermitteln zu k\u00f6nnen, wurden Zeitrafferaufnahmen untersucht. Diese zeigen die Gefahr von Konflikten f\u00fcr Fu\u00dfg\u00e4nger un d aus welchen Situationen her  aus    diese entstehen. Mit Hilfe von Bildmaterial und einer Begehung erfolgt eine Bewertung ausgew\u00e4hlter Unfall- und Konfliktstellen. Es zeigten sich, dass Fu\u00dfg\u00e4nger besonders beim \u00dcberqueren von Stra\u00dfen gef\u00e4hrdet sind. Zudem werden sie durch zu geringe Fu\u00dfverkehrs- und Aufenthaltsfl\u00e4chen gegen\u00fcber anderen Verkehrsteilnehmern benachteiligt. Um die Attraktivit\u00e4t von Fu\u00dfwegen zu  steigern ist es von Bedeutung, den Fu\u00dfg\u00e4ngern wieder mehr Fl\u00e4chen im \u00f6ffentlichen Raum zur Verf\u00fcgung zu stellen, um   Gefahren- und Konfliktstellen zu beseitigen. <\/p>\n\n\n\n<p><\/p>\n\n\n\n<figure class=\"wp-block-image\"><img loading=\"lazy\" decoding=\"async\" width=\"980\" height=\"742\" src=\"http:\/\/urban-emotions.com\/wp-content\/uploads\/2018\/11\/siefert_ab_24.jpg\" alt=\"\" class=\"wp-image-1004\" srcset=\"http:\/\/urban-emotions.com\/wp-content\/uploads\/2018\/11\/siefert_ab_24.jpg 980w, http:\/\/urban-emotions.com\/wp-content\/uploads\/2018\/11\/siefert_ab_24-300x227.jpg 300w, http:\/\/urban-emotions.com\/wp-content\/uploads\/2018\/11\/siefert_ab_24-768x581.jpg 768w, http:\/\/urban-emotions.com\/wp-content\/uploads\/2018\/11\/siefert_ab_24-520x394.jpg 520w, http:\/\/urban-emotions.com\/wp-content\/uploads\/2018\/11\/siefert_ab_24-740x560.jpg 740w\" sizes=\"auto, (max-width: 980px) 100vw, 980px\" \/><\/figure>\n\n\n\n<figure class=\"wp-block-image\"><img loading=\"lazy\" decoding=\"async\" width=\"995\" height=\"794\" src=\"http:\/\/urban-emotions.com\/wp-content\/uploads\/2018\/11\/siefert_ab_25.jpg\" alt=\"\" class=\"wp-image-1005\" srcset=\"http:\/\/urban-emotions.com\/wp-content\/uploads\/2018\/11\/siefert_ab_25.jpg 995w, http:\/\/urban-emotions.com\/wp-content\/uploads\/2018\/11\/siefert_ab_25-300x239.jpg 300w, http:\/\/urban-emotions.com\/wp-content\/uploads\/2018\/11\/siefert_ab_25-768x613.jpg 768w, http:\/\/urban-emotions.com\/wp-content\/uploads\/2018\/11\/siefert_ab_25-520x415.jpg 520w, http:\/\/urban-emotions.com\/wp-content\/uploads\/2018\/11\/siefert_ab_25-740x591.jpg 740w\" sizes=\"auto, (max-width: 995px) 100vw, 995px\" \/><\/figure>\n","protected":false},"excerpt":{"rendered":"<p>Die st\u00e4rkere F\u00f6rderung und Pr\u00e4senz in der Planung ist wichtig f\u00fcr die Entwicklung des Fu\u00dfverkehrs in st\u00e4dtischen Gebieten. Die zu Fu\u00df-Gehenden werden besonders vom motorisierten Individualverkehr verdr\u00e4ngt. Dadurch nahm die Anzahl der zu Fu\u00dfwege stetig ab. Vor allem der motorisierte Individualverkehr, aber auch Radfahrer und der \u00d6PNV, gef\u00e4hrden und beeintr\u00e4chtigen durch hohe Geschwin-digkeiten und gro\u00dfen Raumbedarf Fu\u00dfg\u00e4nger insbesondere beim \u00dcberqueren von Stra\u00dfen. In Zeiten einer verst\u00e4rkten F\u00f6rderung des Umweltverbunds wird aufgezeigt, wie eine bessere Integration des Fu\u00dfverkehrs in den \u00f6ffentlichen Raum er m\u00f6glicht werden kann, und welche Gefahren f\u00fcr Fu\u00dfg\u00e4nger durch Konflikte mit anderen Verkehrsteilnehmern bestehen.<\/p>\n","protected":false},"author":3,"featured_media":1007,"comment_status":"open","ping_status":"open","sticky":false,"template":"","format":"standard","meta":{"footnotes":""},"categories":[52],"tags":[],"class_list":["post-1003","post","type-post","status-publish","format-standard","has-post-thumbnail","hentry","category-allgemein-de"],"_links":{"self":[{"href":"http:\/\/urban-emotions.com\/index.php?rest_route=\/wp\/v2\/posts\/1003","targetHints":{"allow":["GET"]}}],"collection":[{"href":"http:\/\/urban-emotions.com\/index.php?rest_route=\/wp\/v2\/posts"}],"about":[{"href":"http:\/\/urban-emotions.com\/index.php?rest_route=\/wp\/v2\/types\/post"}],"author":[{"embeddable":true,"href":"http:\/\/urban-emotions.com\/index.php?rest_route=\/wp\/v2\/users\/3"}],"replies":[{"embeddable":true,"href":"http:\/\/urban-emotions.com\/index.php?rest_route=%2Fwp%2Fv2%2Fcomments&post=1003"}],"version-history":[{"count":3,"href":"http:\/\/urban-emotions.com\/index.php?rest_route=\/wp\/v2\/posts\/1003\/revisions"}],"predecessor-version":[{"id":1012,"href":"http:\/\/urban-emotions.com\/index.php?rest_route=\/wp\/v2\/posts\/1003\/revisions\/1012"}],"wp:featuredmedia":[{"embeddable":true,"href":"http:\/\/urban-emotions.com\/index.php?rest_route=\/wp\/v2\/media\/1007"}],"wp:attachment":[{"href":"http:\/\/urban-emotions.com\/index.php?rest_route=%2Fwp%2Fv2%2Fmedia&parent=1003"}],"wp:term":[{"taxonomy":"category","embeddable":true,"href":"http:\/\/urban-emotions.com\/index.php?rest_route=%2Fwp%2Fv2%2Fcategories&post=1003"},{"taxonomy":"post_tag","embeddable":true,"href":"http:\/\/urban-emotions.com\/index.php?rest_route=%2Fwp%2Fv2%2Ftags&post=1003"}],"curies":[{"name":"wp","href":"https:\/\/api.w.org\/{rel}","templated":true}]}}